{"id":5697,"date":"2025-02-26T14:49:36","date_gmt":"2025-02-26T13:49:36","guid":{"rendered":"https:\/\/www.packitbetter.be\/?p=5697"},"modified":"2025-02-26T14:49:36","modified_gmt":"2025-02-26T13:49:36","slug":"circular-desing-in-plastics-ateliers-eco-conceptions-contenu-recycle-et-analyse-de-cycle-de-vie","status":"publish","type":"post","link":"https:\/\/www.packitbetter.be\/en\/circular-desing-in-plastics-ateliers-eco-conceptions-contenu-recycle-et-analyse-de-cycle-de-vie\/","title":{"rendered":"Circular Desing in Plastics &#8211; Ateliers &#8220;Eco-Conceptions &#038; Contenu recycl\u00e9&#8221; et &#8220;Analyse de Cycle de Vie&#8221;"},"content":{"rendered":"<p><strong>Circular Design in Plastics vous invite \u00e0 une journ\u00e9e d\u2019apprentissage et d\u2019\u00e9changes d\u00e9di\u00e9e \u00e0 l\u2019\u00e9co-conception et \u00e0 l\u2019int\u00e9gration des mati\u00e8res plastiques recycl\u00e9es.<\/strong><br \/>\nDans un contexte de r\u00e9glementation de plus en plus exigeant, les entreprises de la cha\u00eene de valeur plastique doivent adapter leurs pratiques pour r\u00e9pondre aux nouvelles obligations et aux attentes du march\u00e9. Cet atelier vise \u00e0 fournir aux participants une compr\u00e9hension des enjeux r\u00e9glementaires, des mati\u00e8res plastiques recycl\u00e9es et des certifications en contenu recycl\u00e9 et<br \/>\nrecyclabilit\u00e9. Il mettra \u00e9galement l\u2019accent sur les m\u00e9thodologies d\u2019\u00e9co-conception \u00e0 travers des pr\u00e9sentations et des exercices pratiques impliquant activement les participants.<\/p>\n<p>Objectifs de la journ\u00e9e<br \/>\n\u2022 Comprendre les r\u00e9glementations en vigueur en mati\u00e8re de produits plastiques.<br \/>\n\u2022 Explorer les diff\u00e9rentes mati\u00e8res plastiques recycl\u00e9es.<br \/>\n\u2022 D\u00e9couvrir les certifications en contenu recycl\u00e9 et recyclabilit\u00e9.<br \/>\n\u2022 Apprendre des m\u00e9thodologies d\u2019\u00e9co-conception et les appliquer \u00e0 travers des exercices pratiques.<br \/>\nCet atelier sera anim\u00e9 par <strong>Olivier Talon<\/strong> (R&amp;D Coordinator, Materia Nova), avec la participation d&#8217;<strong>Olivier Van Volden<\/strong>, (Senior Policy Officer, essenscia) et <strong>Nadir Mekki<\/strong> (Certification Specialist, RecyClass). Le programme d\u00e9taill\u00e9 de la journ\u00e9e comprend des pr\u00e9sentations th\u00e9matiques, des ateliers pratiques et des temps d\u2019\u00e9change pour approfondir les connaissances et partager les exp\u00e9riences.<\/p>\n<p><a href=\"https:\/\/www.circulardesigninplastics.org\/nos-evenements\">PROGRAMME &amp; INSCRIPTION<\/a><\/p>\n","protected":false},"excerpt":{"rendered":"<p>Circular Design in Plastics vous invite \u00e0 une journ\u00e9e d\u2019apprentissage et d\u2019\u00e9changes d\u00e9di\u00e9e \u00e0 l\u2019\u00e9co-conception et \u00e0 l\u2019int\u00e9gration des mati\u00e8res [&hellip;]<\/p>\n","protected":false},"author":11,"featured_media":5698,"comment_status":"closed","ping_status":"closed","sticky":false,"template":"","format":"standard","meta":{"_acf_changed":false,"footnotes":""},"class_list":["post-5697","post","type-post","status-publish","format-standard","has-post-thumbnail","hentry"],"acf":[],"_links":{"self":[{"href":"https:\/\/www.packitbetter.be\/en\/wp-json\/wp\/v2\/posts\/5697","targetHints":{"allow":["GET"]}}],"collection":[{"href":"https:\/\/www.packitbetter.be\/en\/wp-json\/wp\/v2\/posts"}],"about":[{"href":"https:\/\/www.packitbetter.be\/en\/wp-json\/wp\/v2\/types\/post"}],"author":[{"embeddable":true,"href":"https:\/\/www.packitbetter.be\/en\/wp-json\/wp\/v2\/users\/11"}],"replies":[{"embeddable":true,"href":"https:\/\/www.packitbetter.be\/en\/wp-json\/wp\/v2\/comments?post=5697"}],"version-history":[{"count":1,"href":"https:\/\/www.packitbetter.be\/en\/wp-json\/wp\/v2\/posts\/5697\/revisions"}],"predecessor-version":[{"id":5701,"href":"https:\/\/www.packitbetter.be\/en\/wp-json\/wp\/v2\/posts\/5697\/revisions\/5701"}],"wp:featuredmedia":[{"embeddable":true,"href":"https:\/\/www.packitbetter.be\/en\/wp-json\/wp\/v2\/media\/5698"}],"wp:attachment":[{"href":"https:\/\/www.packitbetter.be\/en\/wp-json\/wp\/v2\/media?parent=5697"}],"curies":[{"name":"wp","href":"https:\/\/api.w.org\/{rel}","templated":true}]}}