{"id":4484,"date":"2023-09-21T13:14:41","date_gmt":"2023-09-21T11:14:41","guid":{"rendered":"https:\/\/www.packitbetter.be\/?p=4484"},"modified":"2023-09-21T13:14:41","modified_gmt":"2023-09-21T11:14:41","slug":"jusqua-30000-e-de-subsides-pour-soutenir-les-entreprises-wallonnes-travaillant-avec-des-produits-plastiques","status":"publish","type":"post","link":"https:\/\/www.packitbetter.be\/en\/jusqua-30000-e-de-subsides-pour-soutenir-les-entreprises-wallonnes-travaillant-avec-des-produits-plastiques\/","title":{"rendered":"JUSQU\u2019\u00c0 30000 \u20ac DE SUBSIDES POUR SOUTENIR LES ENTREPRISES WALLONNES TRAVAILLANT AVEC DES PRODUITS PLASTIQUES"},"content":{"rendered":"<p><span style=\"color: #666699;\"><strong>Les entreprises wallonnes qui travaillent avec des produits plastiques font face \u00e0<\/strong><\/span><br \/>\n<span style=\"color: #666699;\"><strong>des d\u00e9fis grandissants.<\/strong><\/span><\/p>\n<p><span style=\"color: #666699;\"><strong>Qu\u2019il s\u2019agisse d\u2019entreprises qui utilisent, produisent, transforment ou recyclent des<\/strong><\/span><br \/>\n<span style=\"color: #666699;\"><strong>plastiques, celles-ci doivent d\u00e9sormais composer avec de nombreux enjeux li\u00e9s \u00e0<\/strong><\/span><br \/>\n<span style=\"color: #666699;\"><strong>l\u2019environnement, aux r\u00e9glementations europ\u00e9ennes et \u00e0 la complexit\u00e9 du march\u00e9.<\/strong><\/span><\/p>\n<p><span style=\"color: #666699;\"><strong>Comment s\u2019adapter au renforcement des normes impos\u00e9es par l\u2019Union<\/strong><\/span><br \/>\n<span style=\"color: #666699;\"><strong>europ\u00e9enne? Comme rendre son entreprise plus r\u00e9siliente sur un march\u00e9 toujours<\/strong><\/span><br \/>\n<span style=\"color: #666699;\"><strong>plus incertain et comp\u00e9titif?<\/strong><\/span><\/p>\n<p>Soutenir la comp\u00e9titivit\u00e9 de nos entreprises wallonnes via la promotion, le d\u00e9veloppement et<br \/>\nl\u2019int\u00e9gration de solutions innovantes et circulaires, voil\u00e0 la mission que s\u2019est donn\u00e9e la R\u00e9gion<br \/>\nwallonne \u00e0 travers le projet Circular Wallonia.<br \/>\nParmi les initiatives d\u00e9coulant de ce projet, le programme Circular Design in Plastics a pour<br \/>\nobjectif de sensibiliser et d\u2019accompagner les entreprises wallonnes vers une optimisation de<br \/>\nleurs produits plastiques.<br \/>\nCe programme a \u00e9t\u00e9 pens\u00e9 pour proposer un accompagnement sur mesure, en fonction des<br \/>\nbesoins des entreprises et de leur niveau de maturit\u00e9 en mati\u00e8re de circularit\u00e9.<\/p>\n<h5><span style=\"color: #666699;\">Un accompagnement sur mesure en 3 formules<\/span><\/h5>\n<p>Les entreprises peuvent ainsi b\u00e9n\u00e9ficier d\u2019un diagnostic 100 % gratuit lors duquel un expert<br \/>\nse rend sur place pour r\u00e9aliser un \u00e9tat des lieux et identifier les pistes d\u2019am\u00e9lioration en<br \/>\nmati\u00e8re de circularit\u00e9. Ces pistes permettront \u00e0 l\u2019entreprise d\u2019identifier de nouvelles solutions<br \/>\nafin d\u2019am\u00e9liorer l\u2019\u00e9coconception de leurs produits et d\u2019optimiser la gestion des ressources<br \/>\nn\u00e9cessaires \u00e0 leur production (eau, \u00e9nergie, mati\u00e8res&#8230;).<br \/>\nOutre le diagnostic, les entreprises ayant d\u00e9j\u00e0 des pistes concr\u00e8tes li\u00e9es \u00e0 l\u2019\u00e9coconception<br \/>\nou \u00e0 la circularit\u00e9 de leurs produits plastiques peuvent demander une aide ponctuelle ou un<br \/>\naccompagnement plus intensif.<\/p>\n<h5><span style=\"color: #666699;\">Un programme subsidi\u00e9 par la R\u00e9gion wallonne<\/span><\/h5>\n<p>Les entreprises participantes b\u00e9n\u00e9ficieront d\u2019un subside de 750 \u20ac par jour et par expert.<br \/>\nAinsi, celles qui souhaiteraient faire appel \u00e0 une aide ponctuelle pourront recevoir jusqu\u2019\u00e0 2250<br \/>\n\u20ac htva de subsides pour trois jours de consultance. Les entreprises qui souhaitent b\u00e9n\u00e9ficier<br \/>\nd\u2019un accompagnement de type court ou long pourront quant \u00e0 elles b\u00e9n\u00e9ficier d\u2019un subside<br \/>\nallant jusqu\u2019\u00e0 30000 \u20ac htva.<\/p>\n<h5><span style=\"color: #666699;\">\u00c0 qui s\u2019adresse le programme Circular Design in Plastics ?<\/span><\/h5>\n<p>Circular Design in Plastics s\u2019adresse \u00e0 toutes les TPE et PME ayant un si\u00e8ge d\u2019exploitation en<\/p>\n<p>Wallonie et travaillant avec des produits plastiques. Qu\u2019il s\u2019agisse, par exemple, de plastiques<\/p>\n<p>utilis\u00e9s dans tout ou partie d\u2019un produit, de conditionnements plastiques, de composantes<\/p>\n<p>sp\u00e9cifiques, mais aussi de mat\u00e9riaux composites, multimat\u00e9riaux ou caoutchouc synth\u00e9tique.<\/p>\n<p>Les entreprises candidates doivent \u00e9galement \u00eatre \u00e9ligibles aux aides de minimis.<\/p>\n<p>Pour l\u2019aide ponctuelle et l\u2019accompagnement court ou long, certains crit\u00e8res sont \u00e9galement<\/p>\n<p>requis et li\u00e9s au projet port\u00e9 par l\u2019entreprise.<\/p>\n<p>Les entreprises peuvent \u00e9galement pr\u00e9senter leur candidature sous forme de partenariat tem-<\/p>\n<p>poraire avec leurs fournisseurs ou clients et ainsi b\u00e9n\u00e9ficier du programme pour des activit\u00e9s<\/p>\n<p>communes li\u00e9es aux produits plastiques.<\/p>\n<h5><span style=\"color: #666699;\">Une initiative de la R\u00e9gion wallonne<\/span><\/h5>\n<p>Circular Design in Plastics s\u2019inscrit dans la nouvelle strat\u00e9gie de la R\u00e9gion wallonne de<br \/>\nd\u00e9ploiement de l\u2019\u00e9conomie circulaire \u201cCircular Wallonia\u201d et est port\u00e9 par Canopea, Denuo,<br \/>\nessenscia, GreenWin et Plastiwin.<br \/>\nAvec le soutien du Plan de Relance de la Wallonie.<br \/>\nPour en savoir plus sur Circular Design in Plastics, rendez-vous sur le site internet :<br \/>\n<span style=\"color: #0000ff;\">www.circulardesigninplastics.org<\/span><\/p>\n<h5><span style=\"color: #666699;\">CONTACT :<\/span><\/h5>\n<p>Rosina Giordano,<br \/>\nCoordinatrice \u00c9conomie Circulaire chez Plastiwin<br \/>\nrosina.giordano@plastiwin.be<\/p>\n<p><img loading=\"lazy\" decoding=\"async\" class=\"alignnone wp-image-4490 size-large\" src=\"https:\/\/www.packitbetter.be\/wp-content\/uploads\/2023\/09\/partenaires-1024x133.jpg\" alt=\"Partenaires\" width=\"640\" height=\"83\" srcset=\"https:\/\/www.packitbetter.be\/wp-content\/uploads\/2023\/09\/partenaires-1024x133.jpg 1024w, https:\/\/www.packitbetter.be\/wp-content\/uploads\/2023\/09\/partenaires-500x65.jpg 500w, https:\/\/www.packitbetter.be\/wp-content\/uploads\/2023\/09\/partenaires-768x100.jpg 768w, https:\/\/www.packitbetter.be\/wp-content\/uploads\/2023\/09\/partenaires.jpg 1190w\" sizes=\"auto, (max-width: 640px) 100vw, 640px\" \/><\/p>\n","protected":false},"excerpt":{"rendered":"<p>Les entreprises wallonnes qui travaillent avec des produits plastiques font face \u00e0 des d\u00e9fis grandissants. Qu\u2019il s\u2019agisse d\u2019entreprises qui utilisent, [&hellip;]<\/p>\n","protected":false},"author":9,"featured_media":4495,"comment_status":"closed","ping_status":"closed","sticky":false,"template":"","format":"standard","meta":{"_acf_changed":false,"footnotes":""},"class_list":["post-4484","post","type-post","status-publish","format-standard","has-post-thumbnail","hentry"],"acf":[],"_links":{"self":[{"href":"https:\/\/www.packitbetter.be\/en\/wp-json\/wp\/v2\/posts\/4484","targetHints":{"allow":["GET"]}}],"collection":[{"href":"https:\/\/www.packitbetter.be\/en\/wp-json\/wp\/v2\/posts"}],"about":[{"href":"https:\/\/www.packitbetter.be\/en\/wp-json\/wp\/v2\/types\/post"}],"author":[{"embeddable":true,"href":"https:\/\/www.packitbetter.be\/en\/wp-json\/wp\/v2\/users\/9"}],"replies":[{"embeddable":true,"href":"https:\/\/www.packitbetter.be\/en\/wp-json\/wp\/v2\/comments?post=4484"}],"version-history":[{"count":7,"href":"https:\/\/www.packitbetter.be\/en\/wp-json\/wp\/v2\/posts\/4484\/revisions"}],"predecessor-version":[{"id":4494,"href":"https:\/\/www.packitbetter.be\/en\/wp-json\/wp\/v2\/posts\/4484\/revisions\/4494"}],"wp:featuredmedia":[{"embeddable":true,"href":"https:\/\/www.packitbetter.be\/en\/wp-json\/wp\/v2\/media\/4495"}],"wp:attachment":[{"href":"https:\/\/www.packitbetter.be\/en\/wp-json\/wp\/v2\/media?parent=4484"}],"curies":[{"name":"wp","href":"https:\/\/api.w.org\/{rel}","templated":true}]}}