{"id":4161,"date":"2023-06-23T09:19:08","date_gmt":"2023-06-23T07:19:08","guid":{"rendered":"https:\/\/www.packitbetter.be\/?p=4161"},"modified":"2023-10-16T10:34:09","modified_gmt":"2023-10-16T08:34:09","slug":"10-10-2023-free-seminar-reduce-reuse-recycle-news","status":"publish","type":"post","link":"https:\/\/www.packitbetter.be\/en\/10-10-2023-free-seminar-reduce-reuse-recycle-news\/","title":{"rendered":"10\/10\/2023 &#8211; Free seminar &#8220;Reduce, Reuse &#038; Recycle&#8221;"},"content":{"rendered":"<p>On <span style=\"color: #000000;\"><strong>Tuesday 10 October 2023<\/strong><\/span>, Fost Plus and Valipac hosted a <span style=\"color: #000000;\"><strong>free seminar<\/strong><\/span> on <span style=\"color: #161616;\"><strong>reducing, reusing and recycling household and commercial &amp; industrial packaging.<\/strong><\/span><\/p>\n<p>We look back on a successful event and want to thank all the experts and attendees for their participation, which undoubtedly contributed to this success.<\/p>\n<p>Would you like to view or download the speakers&#8217; presentations ? Please click below.<\/p>\n<ul>\n<li><strong>Bart Calis<\/strong> (Arteveldehogeschool) : <a href=\"https:\/\/www.packitbetter.be\/wp-content\/uploads\/2023\/06\/1-bart-calis-seminarie-packitbetter-reduce.pdf\" target=\"_blank\" rel=\"noopener\"><strong>Reduce, zo veel meer dan verminderen van verpakkingen<\/strong><\/a> (NL)<\/li>\n<li><strong>Manon Marlier<\/strong> (Plarebel) : <a href=\"https:\/\/www.packitbetter.be\/wp-content\/uploads\/2023\/06\/2-manon-marlier-seminaire-pack-it-better-the-art-of-recycling-plastic-packaging.pdf\" target=\"_blank\" rel=\"noopener\"><strong>L\u2019art de recycler les emballages en plastique<\/strong><\/a> (FR)<\/li>\n<li><strong>Candice Joseph<\/strong> (Fevia) : <a href=\"https:\/\/www.packitbetter.be\/wp-content\/uploads\/2023\/06\/3-candice-joseph-seminarie-pack-it-better-reuse-in-the-food-industry.pdf\" target=\"_blank\" rel=\"noopener\"><strong>Hergebruik in de voedingsindustrie: is dit mogelijk?<\/strong><\/a> (NL)<\/li>\n<li><strong>Olivier Talon<\/strong> (Materia Nova) : <strong><a href=\"https:\/\/www.packitbetter.be\/wp-content\/uploads\/2023\/06\/4-olivier-talon-seminaire-pack-it-better-10-oct-2023-reduce-reuse-recycle-lca-2.pdf\" target=\"_blank\" rel=\"noopener\">R\u00e9duire, r\u00e9utiliser, recycler. Que peut r\u00e9v\u00e9ler l&#8217;ACV au sujet des 3R et de leur importance pour l&#8217;environnement<\/a> ?<\/strong> (FR)<\/li>\n<\/ul>\n<p>&nbsp;<\/p>\n","protected":false},"excerpt":{"rendered":"<p>On Tuesday 10 October 2023, Fost Plus and Valipac hosted a free seminar on reducing, reusing and recycling household and [&hellip;]<\/p>\n","protected":false},"author":7,"featured_media":4152,"comment_status":"closed","ping_status":"closed","sticky":false,"template":"","format":"standard","meta":{"_acf_changed":false,"footnotes":""},"class_list":["post-4161","post","type-post","status-publish","format-standard","has-post-thumbnail","hentry"],"acf":[],"_links":{"self":[{"href":"https:\/\/www.packitbetter.be\/en\/wp-json\/wp\/v2\/posts\/4161","targetHints":{"allow":["GET"]}}],"collection":[{"href":"https:\/\/www.packitbetter.be\/en\/wp-json\/wp\/v2\/posts"}],"about":[{"href":"https:\/\/www.packitbetter.be\/en\/wp-json\/wp\/v2\/types\/post"}],"author":[{"embeddable":true,"href":"https:\/\/www.packitbetter.be\/en\/wp-json\/wp\/v2\/users\/7"}],"replies":[{"embeddable":true,"href":"https:\/\/www.packitbetter.be\/en\/wp-json\/wp\/v2\/comments?post=4161"}],"version-history":[{"count":26,"href":"https:\/\/www.packitbetter.be\/en\/wp-json\/wp\/v2\/posts\/4161\/revisions"}],"predecessor-version":[{"id":4613,"href":"https:\/\/www.packitbetter.be\/en\/wp-json\/wp\/v2\/posts\/4161\/revisions\/4613"}],"wp:featuredmedia":[{"embeddable":true,"href":"https:\/\/www.packitbetter.be\/en\/wp-json\/wp\/v2\/media\/4152"}],"wp:attachment":[{"href":"https:\/\/www.packitbetter.be\/en\/wp-json\/wp\/v2\/media?parent=4161"}],"curies":[{"name":"wp","href":"https:\/\/api.w.org\/{rel}","templated":true}]}}